{"id":7488,"date":"2022-12-01T10:00:00","date_gmt":"2022-12-01T09:00:00","guid":{"rendered":"https:\/\/www.aemtia.com\/?p=7488"},"modified":"2022-12-02T14:32:39","modified_gmt":"2022-12-02T13:32:39","slug":"la-nueva-tarifa-plana-de-autonomos-en-2023","status":"publish","type":"post","link":"https:\/\/www.aemtia.com\/es\/la-nueva-tarifa-plana-de-autonomos-en-2023\/","title":{"rendered":"La nueva Tarifa Plana de aut\u00f3nomos en 2023"},"content":{"rendered":"\n<p>Uno de los grandes cambios que trae el&nbsp;<a href=\"https:\/\/www.aemtia.com\/es\/los-rendimientos-netos-y-las-nuevas-cuotas-de-autonomos\/\">nuevo sistema de cotizaci\u00f3n para aut\u00f3nomos en 2023<\/a> es la&nbsp;<strong>modificaci\u00f3n de la Tarifa Plana.<\/strong><\/p>\n\n\n\n<p>Se han a\u00f1adido variaciones importantes que afectar\u00e1n a todas las personas que se den de alta&nbsp;<strong>a partir del 1 de enero de 2023.<\/strong><\/p>\n\n\n\n<p>As\u00ed que, si est\u00e1s pensando en&nbsp;<strong>hacerte aut\u00f3nomo<\/strong>&nbsp;y quieres&nbsp;<strong>ahorrar en tu cuota<\/strong>, este post te interesa.&nbsp;<\/p>\n\n\n\n<h2 class=\"wp-block-heading\"><strong>\u00bfQu\u00e9 es la Tarifa Plana?<\/strong><\/h2>\n\n\n\n<p>Antes de nada, debes saber que todos los aut\u00f3nomos tienen que pagar una cuota mensual a la&nbsp;<strong>Seguridad Social<\/strong>&nbsp;para poder realizar sus actividades, es lo que se conoce como&nbsp;<strong>cuota de aut\u00f3nomos.<\/strong><\/p>\n\n\n\n<p>En general, la cantidad a pagar es aproximadamente un 30% de la&nbsp;<strong>base de cotizaci\u00f3n<\/strong>, que se puede elegir entre unos m\u00ednimos y m\u00e1ximos establecidos.&nbsp;<\/p>\n\n\n\n<p>Como esto puede resultar especialmente dif\u00edcil cuando inicias un negocio, los&nbsp;<strong>nuevos aut\u00f3nomos<\/strong>&nbsp;pueden acceder a&nbsp;<strong>bonificaciones<\/strong>, es decir, que pagar\u00edan menos mensualmente durante los<strong>&nbsp;primeros a\u00f1os de actividad<\/strong>.&nbsp;<\/p>\n\n\n\n<p>Esta medida, que pretende facilitar el emprendimiento, se llama&nbsp;<strong>Tarifa Plana<\/strong>.<\/p>\n\n\n\n<p>Resumidamente, se trata de una&nbsp;<strong>bonificaci\u00f3n en la cuota de aut\u00f3nomos,<\/strong>&nbsp;dirigida a los&nbsp;<strong>emprendedores,<\/strong>&nbsp;con el fin de compensar los elevados gastos que supone iniciar un proyecto.&nbsp;<\/p>\n\n\n\n<h2 class=\"wp-block-heading\"><strong>Requisitos<\/strong><\/h2>\n\n\n\n<p>Aunque no se ha a\u00f1adido nada nuevo en este aspecto, te recordamos los&nbsp;<strong>requisitos<\/strong>&nbsp;que tienes que cumplir para poder&nbsp;<strong>acceder a la Tarifa Plana:<\/strong><\/p>\n\n\n\n<ul class=\"wp-block-list\">\n<li>No haber estado dado de alta en los \u00faltimos&nbsp;<strong>2 a\u00f1os<\/strong><\/li>\n\n\n\n<li>Si ya usaste la Tarifa Plana, debes esperar&nbsp;<strong>3 a\u00f1os<\/strong><\/li>\n\n\n\n<li><strong>No tener deudas<\/strong>&nbsp;con la Seguridad Social<\/li>\n\n\n\n<li><strong>No ser aut\u00f3nomo colaborador<\/strong><\/li>\n<\/ul>\n\n\n\n<h2 class=\"wp-block-heading\"><strong>Tarifa Plana en 2022<\/strong><\/h2>\n\n\n\n<p>Ahora, los aut\u00f3nomos pueden&nbsp;<strong>elegir su base de cotizaci\u00f3n<\/strong>&nbsp;entre un m\u00ednimo y un m\u00e1ximo, que es igual para todos, sin importar los ingresos que tengan.<\/p>\n\n\n\n<p>Como la gran mayor\u00eda de aut\u00f3nomos opta por la&nbsp;<strong>base m\u00ednima<\/strong>, pagando una <strong>cuota de 294 \u20ac <\/strong>mensuales, la Tarifa Plana normalmente es de estas cantidades:&nbsp;<\/p>\n\n\n\n<ul class=\"wp-block-list\">\n<li><strong>Primeros 12 meses<\/strong>&nbsp;&#8211;&nbsp;<strong>Cuota de 60 \u20ac<\/strong><\/li>\n\n\n\n<li><strong>6 meses siguientes \u2013<\/strong>&nbsp;Cuota de 150 \u20ac aprox.<\/li>\n\n\n\n<li><strong>6 meses siguientes \u2013&nbsp;<\/strong>Cuota 200 \u20ac aprox.<\/li>\n<\/ul>\n\n\n\n<p>La bonificaci\u00f3n dura 24 meses.<\/p>\n\n\n\n<h2 class=\"wp-block-heading\"><strong>Tarifa Plana a partir de 2023<\/strong><\/h2>\n\n\n\n<p>El gran cambio que se dar\u00e1 en 2023 es que&nbsp;<strong>la cuota ya no ser\u00e1 progresiva;<\/strong>&nbsp;pasar\u00e1 de 60 \u20ac a 80 \u20ac en el primer a\u00f1o y solo se podr\u00e1 mantener un segundo<strong> si los<\/strong>&nbsp;<strong>ingresos no superan el Salario M\u00ednimo Interprofesional.<\/strong><\/p>\n\n\n\n<ul class=\"wp-block-list\">\n<li><strong>Primeros 12 meses<\/strong>&nbsp;&#8211;&nbsp;<strong>Cuota de 80 \u20ac<\/strong><\/li>\n\n\n\n<li><strong>12 meses siguientes:<\/strong>\n<ul class=\"wp-block-list\">\n<li><strong>Si no se supera el SMI<\/strong> &#8211; Cuota 80 \u20ac<\/li>\n\n\n\n<li><strong>Si se supera el SMI<\/strong> \u2013 No hay bonificaci\u00f3n, se cotiza seg\u00fan las tablas.<\/li>\n<\/ul>\n<\/li>\n<\/ul>\n\n\n\n<p>La bonificaci\u00f3n dura 12 meses, con posibilidad de ampliarlo a 24.<\/p>\n\n\n\n<h2 class=\"wp-block-heading\"><strong>\u00bfCu\u00e1ndo me conviene darme de alta para ahorrar en la Tarifa Plana?<\/strong><\/h2>\n\n\n\n<p>Si eres una de las personas que est\u00e1n plante\u00e1ndose iniciar un proyecto y hacerse aut\u00f3noma, seguramente te ha surgido la gran pregunta&nbsp;<strong>\u00bfqu\u00e9 me conviene m\u00e1s, esperar al a\u00f1o que viene o darme de alta ya?<\/strong><\/p>\n\n\n\n<p>La respuesta es depende. Depende de tu caso concreto, de las bonificaciones a las que puedas acceder, de tu edad, de los ingresos que tengas, de donde vivas, de donde vayas a realizar tu actividad&#8230;<\/p>\n\n\n\n<p>Aun as\u00ed, para que te hagas una idea general, en esta tabla&nbsp;<strong>comparamos la Tarifa Plana de los dos primeros a\u00f1os d\u00e1ndose de alta en 2022 y en 2023,<\/strong>&nbsp;respectivamente, suponiendo que no puedes aplicarte ninguna ampliaci\u00f3n.&nbsp;<\/p>\n\n\n\n<figure class=\"wp-block-image size-large\"><img loading=\"lazy\" decoding=\"async\" width=\"1024\" height=\"549\" src=\"https:\/\/www.aemtia.com\/wp-content\/uploads\/2022\/11\/taules2-01-1-1024x549.png\" alt=\"\" class=\"wp-image-7501\" srcset=\"https:\/\/www.aemtia.com\/wp-content\/uploads\/2022\/11\/taules2-01-1-300x161.png 300w, https:\/\/www.aemtia.com\/wp-content\/uploads\/2022\/11\/taules2-01-1-600x322.png 600w, https:\/\/www.aemtia.com\/wp-content\/uploads\/2022\/11\/taules2-01-1-768x412.png 768w, https:\/\/www.aemtia.com\/wp-content\/uploads\/2022\/11\/taules2-01-1-1024x549.png 1024w, https:\/\/www.aemtia.com\/wp-content\/uploads\/2022\/11\/taules2-01-1.png 1082w\" sizes=\"auto, (max-width: 1024px) 100vw, 1024px\" \/><\/figure>\n\n\n\n<figure class=\"wp-block-image size-large\"><img loading=\"lazy\" decoding=\"async\" width=\"1024\" height=\"653\" src=\"https:\/\/www.aemtia.com\/wp-content\/uploads\/2022\/11\/taules2-02-1-1024x653.png\" alt=\"\" class=\"wp-image-7504\" srcset=\"https:\/\/www.aemtia.com\/wp-content\/uploads\/2022\/11\/taules2-02-1-300x191.png 300w, https:\/\/www.aemtia.com\/wp-content\/uploads\/2022\/11\/taules2-02-1-600x383.png 600w, https:\/\/www.aemtia.com\/wp-content\/uploads\/2022\/11\/taules2-02-1-768x490.png 768w, https:\/\/www.aemtia.com\/wp-content\/uploads\/2022\/11\/taules2-02-1-1024x653.png 1024w, https:\/\/www.aemtia.com\/wp-content\/uploads\/2022\/11\/taules2-02-1.png 1083w\" sizes=\"auto, (max-width: 1024px) 100vw, 1024px\" \/><\/figure>\n\n\n\n<p>Esto significa que, si planeas&nbsp;<strong>estar de alta durante al menos dos a\u00f1os<\/strong>&nbsp;y no prev\u00e9s unos ingresos elevados al principio, te conviene esperar a 2023.<\/p>\n\n\n\n<p>En cambio, si crees que tendr\u00e1s muchos ingresos nada m\u00e1s empezar o solo necesitas&nbsp;<strong>ser aut\u00f3nomo durante un tiempo corto<\/strong>, te conviene darte de alta este a\u00f1o.&nbsp;<\/p>\n\n\n\n<h2 class=\"wp-block-heading\"><strong>\u00bfY si ya estoy pagando la Tarifa Plana de 2022?<\/strong><\/h2>\n\n\n\n<p>Si al entrar en 2023 ya est\u00e1s benefici\u00e1ndote de la Tarifa Plana y a\u00fan te queda tiempo para que se acabe,tranquilo;<strong>&nbsp;mantendr\u00e1s la misma cuota&nbsp;<\/strong>que ven\u00edas pagando hasta que se te acabe el plazo que ten\u00edas establecido.<\/p>\n\n\n\n<p><strong>Despu\u00e9s empezar\u00e1s a<\/strong>&nbsp;<strong>cotizar por las tablas<\/strong>&nbsp;vigentes en el a\u00f1o que se te acabe la Tarifa Plana.<\/p>\n\n\n\n<h2 class=\"wp-block-heading\"><strong>\u00bfSe puede perder el derecho a Tarifa Plana?<\/strong><\/h2>\n\n\n\n<p>Normalmente,&nbsp;<strong>la Tarifa Plana se pierde cuando pasa el tiempo l\u00edmite o cuando se dejan de cumplir los requisitos<\/strong>, como llegar al SMI. Pero tambi\u00e9n hay otros casos que nos pueden llevar a perder el derecho a la bonificaci\u00f3n:<\/p>\n\n\n\n<ul class=\"wp-block-list\">\n<li><strong>No pedirla<\/strong>&nbsp;en el momento del alta.<\/li>\n\n\n\n<li><strong>Darse de alta en la Seguridad Social despu\u00e9s<\/strong>&nbsp;de hacerlo en Hacienda (y no a la vez).<\/li>\n\n\n\n<li><strong>Tener&nbsp;<\/strong>deudas con la Seguridad Social antes de empezar a ser aut\u00f3nomo.<\/li>\n\n\n\n<li><strong>Darse de baja de aut\u00f3nomo.&nbsp;<\/strong><\/li>\n<\/ul>\n\n\n\n<p>Este \u00faltimo caso es importante tenerlo en cuenta si decidimos darnos de baja. Autom\u00e1ticamente&nbsp;<strong>perderemos la Tarifa Plana<\/strong>&nbsp;y, si m\u00e1s adelante queremos volver a darnos de alta tendr\u00e1n que haber pasado 3 a\u00f1os para que nos podamos volver a beneficiar de ella.&nbsp;<\/p>\n\n\n\n<p>Aunque nada impide darnos de alta y de baja m\u00e1s de una vez, debemos tener en cuenta que perderemos la cuota reducida y habr\u00e1 que pagar seg\u00fan las tablas, como el resto de los aut\u00f3nomos.<\/p>\n\n\n\n<p>A dem\u00e1s, recuerda que una novedad del 2023 es que&nbsp;<strong>todos los aut\u00f3nomos tendr\u00e1n que hacer la declaraci\u00f3n de la renta<\/strong>, sin importar el tiempo que hayan estado dados de alta durante el a\u00f1o.&nbsp;<\/p>\n\n\n\n<h2 class=\"wp-block-heading\"><strong>\u00bfQu\u00e9 pasa si no pago un mes de cuota?<\/strong><\/h2>\n\n\n\n<p><strong>No se pierde la Tarifa Plana<\/strong>, pero s\u00ed tiene&nbsp;<strong>sanciones:<\/strong><\/p>\n\n\n\n<p>La Seguridad Social te reclamar\u00e1 la cuota entera que te corresponder\u00eda (no la de la Tarifa Plana), m\u00e1s un 20% de recargo.&nbsp;<\/p>\n\n\n\n<p>Si saldas tu deuda, al mes siguiente seguir\u00e1s pagando la cuota reducida normal. Pero, si se va acumulando, te ir\u00e1 cobrando la cuota m\u00e1s el recargo hasta que tu deuda quede saldada.&nbsp;<\/p>\n\n\n\n<p>\u00a1Ojo! porque todo el tiempo que est\u00e9s en deuda&nbsp;<strong>se sigue restando de los meses con derecho a Tarifa Plana,<\/strong>&nbsp;aunque est\u00e9s pagando mucho m\u00e1s.&nbsp;<\/p>\n\n\n\n<h2 class=\"wp-block-heading\"><strong>Casos de ampliaci\u00f3n de la Tarifa Plana<\/strong><\/h2>\n\n\n\n<div class=\"wp-block-buttons is-layout-flex wp-block-buttons-is-layout-flex\">\n<div class=\"wp-block-button has-custom-width wp-block-button__width-100\"><a class=\"wp-block-button__link button wp-element-button\" href=\"\/contacto\">Cont\u00e1ctanos y conoce qu\u00e9 bonificaciones te puedes aplicar<\/a><\/div>\n<\/div>\n\n\n\n<h3 class=\"wp-block-heading\"><strong>Pluriactividad<\/strong><strong><\/strong><\/h3>\n\n\n\n<p>Se da cuando&nbsp;<strong>eres aut\u00f3nomo, pero tambi\u00e9n trabajas por cuenta propia.&nbsp;<\/strong><\/p>\n\n\n\n<p>En este caso, puedes&nbsp;<strong>escoger entre la Tarifa Plana<\/strong>&nbsp;normal o pedir un&nbsp;<strong>descuento de tu base de cotizaci\u00f3n.<\/strong>&nbsp;Esto significa que podr\u00e1s calcular tu cuota sobre una base de cotizaci\u00f3n reducida a la&nbsp;que te corresponda por tramo.&nbsp;Por tanto, tambi\u00e9n pagar\u00e1s una cuota inferior.&nbsp;<\/p>\n\n\n\n<p>Dura hasta tres a\u00f1os y la reducci\u00f3n depende del tipo de jornada que tengas:<\/p>\n\n\n\n<ul class=\"wp-block-list\">\n<li><strong>Jornada completa:&nbsp;<\/strong>\n<ul class=\"wp-block-list\">\n<li>Primeros 18 meses: Descuento del 50% sobre la base de cotizaci\u00f3n.<\/li>\n\n\n\n<li>Meses del 18 al 36:&nbsp;Descuento del 25% sobre la base de cotizaci\u00f3n.<\/li>\n<\/ul>\n<\/li>\n<\/ul>\n\n\n\n<ul class=\"wp-block-list\">\n<li><strong>Tiempo parcial<\/strong>, pero a m\u00e1s de&nbsp;<strong>media jornada<\/strong>:\n<ul class=\"wp-block-list\">\n<li>Primeros 18 meses: Descuento del 25% sobre la base de cotizaci\u00f3n.<\/li>\n\n\n\n<li>Meses del 18 al 36: Descuento sobre la base de cotizaci\u00f3n del 15%.&nbsp;<\/li>\n<\/ul>\n<\/li>\n<\/ul>\n\n\n\n<h3 class=\"wp-block-heading\"><strong>Municipios de menos de 5.000 habitantes<\/strong><\/h3>\n\n\n\n<p>Para acceder a esta bonificaci\u00f3n, debes cumplir unos requisitos:<\/p>\n\n\n\n<ul class=\"wp-block-list\">\n<li>Estar&nbsp;<strong>empadronado<\/strong>&nbsp;en un municipio de menos de 5.000 habitantes en el momento de alta en la Seguridad Social.<\/li>\n\n\n\n<li>Darte de alta en Hacienda con la&nbsp;<strong>direcci\u00f3n fiscal<\/strong>&nbsp;en ese mismo municipio.<\/li>\n\n\n\n<li><strong>Realizar tu actividad en ese municipio.&nbsp;<\/strong><\/li>\n<\/ul>\n\n\n\n<p>Si puedes acceder a ella, tu tarifa plana ser\u00e1 de&nbsp;80\u20ac durante dos a\u00f1os sin ning\u00fan&nbsp;<strong>requisito de SMI.<\/strong>&nbsp;La bonificaci\u00f3n se acaba al iniciar el tercer a\u00f1o, entonces deber\u00e1s cotizar seg\u00fan las tablas.<\/p>\n\n\n\n<h3 class=\"wp-block-heading\"><strong>J\u00f3venes menores de 35 a\u00f1os<\/strong><\/h3>\n\n\n\n<p>Para&nbsp;<strong>mujeres menores de 35<\/strong>&nbsp;y&nbsp;<strong>hombres menores de 30,<\/strong>&nbsp;las reducciones duran un a\u00f1o m\u00e1s (siempre que no se supere el SMI):<\/p>\n\n\n\n<ul class=\"wp-block-list\">\n<li>El primer a\u00f1o: 80\u20ac.<\/li>\n\n\n\n<li>Desde el mes 13 al 36 (los dos siguientes a\u00f1os) podr\u00e1n seguir pagando 80\u20ac, en caso de no llegar al SMI.<\/li>\n<\/ul>\n\n\n\n<h3 class=\"wp-block-heading\"><strong>Aut\u00f3nomos con discapacidad &gt;= 33%, v\u00edctimas de violencia de g\u00e9nero o v\u00edctimas de terrorismo<\/strong><\/h3>\n\n\n\n<ul class=\"wp-block-list\">\n<li>Durante los primeros dos a\u00f1os (24 meses) la cuota ser\u00e1 de 80\u20ac.<\/li>\n\n\n\n<li>Desde el mes 25 al 36 la cuota pasar\u00e1 a ser de 160\u20ac.<\/li>\n<\/ul>\n\n\n\n<p>No se tienen en cuenta los ingresos.&nbsp;<\/p>\n\n\n\n<h2 class=\"wp-block-heading\"><strong>Madrid, Andaluc\u00eda y Murcia: Tarifa 0 para nuevos aut\u00f3nomos<\/strong><\/h2>\n\n\n\n<p>Con la finalidad de compensar este aumento de la Tarifa Plana que tendr\u00e1 lugar a partir de 2023,&nbsp;algunas comunidades aut\u00f3nomas como&nbsp;<strong>Madrid, Andaluc\u00eda y Murcia<\/strong>&nbsp;han anunciado que aplicar\u00e1n la&nbsp;<strong>&#8216;Tarifa 0&#8217;, una subvenci\u00f3n del 100% de la cuota de la Seguridad Social para nuevos aut\u00f3nomos.<\/strong><strong><\/strong><\/p>\n\n\n\n<p>Las subvenciones ir\u00e1n dirigidas a los nuevos aut\u00f3nomos que cumplan con los requisitos para acogerse a la Tarifa Plana y permitir\u00e1 a los trabajadores por cuenta propia con residencia en estas comunidades pagar&nbsp;<strong>0 \u20ac de cuota de aut\u00f3nomos<\/strong>&nbsp;durante el primer a\u00f1o. Se podr\u00eda alargar hasta dos, si no se supera el Salario M\u00ednimo Interprofesional.<\/p>\n\n\n\n<p>En Madrid, tambi\u00e9n podr\u00e1n acceder a la subvenci\u00f3n las&nbsp;<strong>mujeres que hayan cesado la actividad por nacimiento o adopci\u00f3n&nbsp;<\/strong>y que reanuden la actividad dentro de los dos a\u00f1os siguientes.<\/p>\n\n\n\n<p>Se trata de una iniciativa que est\u00e1 en manos de las&nbsp;<strong>comunidades aut\u00f3nomas<\/strong>, y, por tanto, existen variaciones por cada regi\u00f3n. Deberemos esperar a que se abran las convocatorias para tener m\u00e1s detalles.<\/p>\n\n\n\n<h2 class=\"wp-block-heading\">Conclusi\u00f3n<\/h2>\n\n\n\n<p>Los aut\u00f3nomos se enfrentan a grandes cambios este 2023 y, si encima est\u00e1n iniciando un negocio, tienen mucha nueva informaci\u00f3n que asimilar. Por eso, puede ser dif\u00edcil conocer qu\u00e9 oportunidades aprovechar y qu\u00e9 problemas evitar.&nbsp;<\/p>\n\n\n\n<p><a href=\"\/contacto\">Contacta con nosotros<\/a> y aseg\u00farate de iniciar tu proyecto con buen pie. Los errores de novato se pagan caro y no queremos que pagues cara tu valent\u00eda de emprender.<\/p>\n","protected":false},"excerpt":{"rendered":"<p>Uno de los grandes cambios que trae el&nbsp;nuevo sistema de cotizaci\u00f3n para aut\u00f3nomos en 2023 es la&nbsp;modificaci\u00f3n de la Tarifa Plana. Se han a\u00f1adido variaciones importantes que afectar\u00e1n a todas las personas que se den de alta&nbsp;a partir del 1 de enero de 2023. As\u00ed que, si est\u00e1s pensando en&nbsp;hacerte aut\u00f3nomo&nbsp;y quieres&nbsp;ahorrar en tu cuota, &hellip;<\/p>\n","protected":false},"author":4,"featured_media":0,"comment_status":"closed","ping_status":"closed","sticky":false,"template":"","format":"standard","meta":{"_acf_changed":false,"_gspb_post_css":"","_genesis_hide_title":false,"_genesis_hide_breadcrumbs":false,"_genesis_hide_singular_image":false,"_genesis_hide_footer_widgets":false,"_genesis_custom_body_class":"","_genesis_custom_post_class":"","_genesis_layout":"","footnotes":""},"categories":[20],"tags":[100,126,85,78],"class_list":{"2":"type-post","6":"category-fiscal-es","7":"tag-autonomos","8":"tag-emprender","9":"tag-noticias","10":"tag-subvenciones","11":"entry"},"yoast_head":"<!-- This site is optimized with the Yoast SEO plugin v26.1.1 - https:\/\/yoast.com\/wordpress\/plugins\/seo\/ -->\n<title>La nueva Tarifa Plana de aut\u00f3nomos en 2023 - Aemtia Assessors<\/title>\n<meta name=\"description\" content=\"Tarifa Plana de aut\u00f3nomos. Requisitos, cantidades y cambios a partir de 2023 para saber si te conviene darte de alta ahora o esperar.\" \/>\n<meta name=\"robots\" content=\"index, follow, max-snippet:-1, max-image-preview:large, max-video-preview:-1\" \/>\n<link rel=\"canonical\" href=\"https:\/\/www.aemtia.com\/la-nova-tarifa-plana-dautonoms-el-2023\/\" \/>\n<meta property=\"og:locale\" content=\"es_ES\" \/>\n<meta property=\"og:type\" content=\"article\" \/>\n<meta property=\"og:title\" content=\"La nueva Tarifa Plana de aut\u00f3nomos en 2023 - Aemtia Assessors\" \/>\n<meta property=\"og:description\" content=\"Tarifa Plana de aut\u00f3nomos. Requisitos, cantidades y cambios a partir de 2023 para saber si te conviene darte de alta ahora o esperar.\" \/>\n<meta property=\"og:url\" content=\"https:\/\/www.aemtia.com\/la-nova-tarifa-plana-dautonoms-el-2023\/\" \/>\n<meta property=\"og:site_name\" content=\"Aemtia Assessors\" \/>\n<meta property=\"article:published_time\" content=\"2022-12-01T09:00:00+00:00\" \/>\n<meta property=\"article:modified_time\" content=\"2022-12-02T13:32:39+00:00\" \/>\n<meta property=\"og:image\" content=\"https:\/\/www.aemtia.com\/wp-content\/uploads\/2022\/11\/taules2-01-1-1024x549.png\" \/>\n<meta name=\"author\" content=\"Abril\" \/>\n<meta name=\"twitter:card\" content=\"summary_large_image\" \/>\n<meta name=\"twitter:label1\" content=\"Escrito por\" \/>\n\t<meta name=\"twitter:data1\" content=\"Abril\" \/>\n\t<meta name=\"twitter:label2\" content=\"Tiempo de lectura\" \/>\n\t<meta name=\"twitter:data2\" content=\"9 minutos\" \/>\n<script type=\"application\/ld+json\" class=\"yoast-schema-graph\">{\"@context\":\"https:\/\/schema.org\",\"@graph\":[{\"@type\":\"Article\",\"@id\":\"https:\/\/www.aemtia.com\/la-nova-tarifa-plana-dautonoms-el-2023\/#article\",\"isPartOf\":{\"@id\":\"https:\/\/www.aemtia.com\/la-nova-tarifa-plana-dautonoms-el-2023\/\"},\"author\":{\"name\":\"Abril\",\"@id\":\"https:\/\/www.aemtia.com\/#\/schema\/person\/b7b2d27c0cdefabdf7a1b8b3142ba6f8\"},\"headline\":\"La nueva Tarifa Plana de aut\u00f3nomos en 2023\",\"datePublished\":\"2022-12-01T09:00:00+00:00\",\"dateModified\":\"2022-12-02T13:32:39+00:00\",\"mainEntityOfPage\":{\"@id\":\"https:\/\/www.aemtia.com\/la-nova-tarifa-plana-dautonoms-el-2023\/\"},\"wordCount\":1729,\"publisher\":{\"@id\":\"https:\/\/www.aemtia.com\/#organization\"},\"image\":{\"@id\":\"https:\/\/www.aemtia.com\/la-nova-tarifa-plana-dautonoms-el-2023\/#primaryimage\"},\"thumbnailUrl\":\"https:\/\/www.aemtia.com\/wp-content\/uploads\/2022\/11\/taules2-01-1-1024x549.png\",\"keywords\":[\"aut\u00f3nomos\",\"emprender\",\"noticias\",\"subvenciones\"],\"articleSection\":[\"Fiscal\"],\"inLanguage\":\"es\"},{\"@type\":\"WebPage\",\"@id\":\"https:\/\/www.aemtia.com\/la-nova-tarifa-plana-dautonoms-el-2023\/\",\"url\":\"https:\/\/www.aemtia.com\/la-nova-tarifa-plana-dautonoms-el-2023\/\",\"name\":\"La nueva Tarifa Plana de aut\u00f3nomos en 2023 - Aemtia Assessors\",\"isPartOf\":{\"@id\":\"https:\/\/www.aemtia.com\/#website\"},\"primaryImageOfPage\":{\"@id\":\"https:\/\/www.aemtia.com\/la-nova-tarifa-plana-dautonoms-el-2023\/#primaryimage\"},\"image\":{\"@id\":\"https:\/\/www.aemtia.com\/la-nova-tarifa-plana-dautonoms-el-2023\/#primaryimage\"},\"thumbnailUrl\":\"https:\/\/www.aemtia.com\/wp-content\/uploads\/2022\/11\/taules2-01-1-1024x549.png\",\"datePublished\":\"2022-12-01T09:00:00+00:00\",\"dateModified\":\"2022-12-02T13:32:39+00:00\",\"description\":\"Tarifa Plana de aut\u00f3nomos. Requisitos, cantidades y cambios a partir de 2023 para saber si te conviene darte de alta ahora o esperar.\",\"breadcrumb\":{\"@id\":\"https:\/\/www.aemtia.com\/la-nova-tarifa-plana-dautonoms-el-2023\/#breadcrumb\"},\"inLanguage\":\"es\",\"potentialAction\":[{\"@type\":\"ReadAction\",\"target\":[\"https:\/\/www.aemtia.com\/la-nova-tarifa-plana-dautonoms-el-2023\/\"]}]},{\"@type\":\"ImageObject\",\"inLanguage\":\"es\",\"@id\":\"https:\/\/www.aemtia.com\/la-nova-tarifa-plana-dautonoms-el-2023\/#primaryimage\",\"url\":\"https:\/\/www.aemtia.com\/wp-content\/uploads\/2022\/11\/taules2-01-1-1024x549.png\",\"contentUrl\":\"https:\/\/www.aemtia.com\/wp-content\/uploads\/2022\/11\/taules2-01-1-1024x549.png\"},{\"@type\":\"BreadcrumbList\",\"@id\":\"https:\/\/www.aemtia.com\/la-nova-tarifa-plana-dautonoms-el-2023\/#breadcrumb\",\"itemListElement\":[{\"@type\":\"ListItem\",\"position\":1,\"name\":\"Inici\",\"item\":\"https:\/\/www.aemtia.com\/es\/\"},{\"@type\":\"ListItem\",\"position\":2,\"name\":\"La nueva Tarifa Plana de aut\u00f3nomos en 2023\"}]},{\"@type\":\"WebSite\",\"@id\":\"https:\/\/www.aemtia.com\/#website\",\"url\":\"https:\/\/www.aemtia.com\/\",\"name\":\"Aemtia Assessors\",\"description\":\"Asesores en el \u00e1mbito empresarial, profesional y personal\",\"publisher\":{\"@id\":\"https:\/\/www.aemtia.com\/#organization\"},\"potentialAction\":[{\"@type\":\"SearchAction\",\"target\":{\"@type\":\"EntryPoint\",\"urlTemplate\":\"https:\/\/www.aemtia.com\/?s={search_term_string}\"},\"query-input\":{\"@type\":\"PropertyValueSpecification\",\"valueRequired\":true,\"valueName\":\"search_term_string\"}}],\"inLanguage\":\"es\"},{\"@type\":\"Organization\",\"@id\":\"https:\/\/www.aemtia.com\/#organization\",\"name\":\"Aemtia Assessors S.L.\",\"url\":\"https:\/\/www.aemtia.com\/\",\"logo\":{\"@type\":\"ImageObject\",\"inLanguage\":\"es\",\"@id\":\"https:\/\/www.aemtia.com\/#\/schema\/logo\/image\/\",\"url\":\"https:\/\/www.aemtia.com\/wp-content\/uploads\/2022\/04\/Paquet-logotips-AEMTIA_logo-web.png\",\"contentUrl\":\"https:\/\/www.aemtia.com\/wp-content\/uploads\/2022\/04\/Paquet-logotips-AEMTIA_logo-web.png\",\"width\":2000,\"height\":1000,\"caption\":\"Aemtia Assessors S.L.\"},\"image\":{\"@id\":\"https:\/\/www.aemtia.com\/#\/schema\/logo\/image\/\"}},{\"@type\":\"Person\",\"@id\":\"https:\/\/www.aemtia.com\/#\/schema\/person\/b7b2d27c0cdefabdf7a1b8b3142ba6f8\",\"name\":\"Abril\",\"image\":{\"@type\":\"ImageObject\",\"inLanguage\":\"es\",\"@id\":\"https:\/\/www.aemtia.com\/#\/schema\/person\/image\/\",\"url\":\"https:\/\/secure.gravatar.com\/avatar\/d10e36aeea545f9d999e24c46601acc3b9edd5f20734683ffa8e1a82957a8a97?s=96&d=mm&r=g\",\"contentUrl\":\"https:\/\/secure.gravatar.com\/avatar\/d10e36aeea545f9d999e24c46601acc3b9edd5f20734683ffa8e1a82957a8a97?s=96&d=mm&r=g\",\"caption\":\"Abril\"}}]}<\/script>\n<!-- \/ Yoast SEO plugin. -->","yoast_head_json":{"title":"La nueva Tarifa Plana de aut\u00f3nomos en 2023 - Aemtia Assessors","description":"Tarifa Plana de aut\u00f3nomos. Requisitos, cantidades y cambios a partir de 2023 para saber si te conviene darte de alta ahora o esperar.","robots":{"index":"index","follow":"follow","max-snippet":"max-snippet:-1","max-image-preview":"max-image-preview:large","max-video-preview":"max-video-preview:-1"},"canonical":"https:\/\/www.aemtia.com\/la-nova-tarifa-plana-dautonoms-el-2023\/","og_locale":"es_ES","og_type":"article","og_title":"La nueva Tarifa Plana de aut\u00f3nomos en 2023 - Aemtia Assessors","og_description":"Tarifa Plana de aut\u00f3nomos. Requisitos, cantidades y cambios a partir de 2023 para saber si te conviene darte de alta ahora o esperar.","og_url":"https:\/\/www.aemtia.com\/la-nova-tarifa-plana-dautonoms-el-2023\/","og_site_name":"Aemtia Assessors","article_published_time":"2022-12-01T09:00:00+00:00","article_modified_time":"2022-12-02T13:32:39+00:00","og_image":[{"url":"https:\/\/www.aemtia.com\/wp-content\/uploads\/2022\/11\/taules2-01-1-1024x549.png","type":"","width":"","height":""}],"author":"Abril","twitter_card":"summary_large_image","twitter_misc":{"Escrito por":"Abril","Tiempo de lectura":"9 minutos"},"schema":{"@context":"https:\/\/schema.org","@graph":[{"@type":"Article","@id":"https:\/\/www.aemtia.com\/la-nova-tarifa-plana-dautonoms-el-2023\/#article","isPartOf":{"@id":"https:\/\/www.aemtia.com\/la-nova-tarifa-plana-dautonoms-el-2023\/"},"author":{"name":"Abril","@id":"https:\/\/www.aemtia.com\/#\/schema\/person\/b7b2d27c0cdefabdf7a1b8b3142ba6f8"},"headline":"La nueva Tarifa Plana de aut\u00f3nomos en 2023","datePublished":"2022-12-01T09:00:00+00:00","dateModified":"2022-12-02T13:32:39+00:00","mainEntityOfPage":{"@id":"https:\/\/www.aemtia.com\/la-nova-tarifa-plana-dautonoms-el-2023\/"},"wordCount":1729,"publisher":{"@id":"https:\/\/www.aemtia.com\/#organization"},"image":{"@id":"https:\/\/www.aemtia.com\/la-nova-tarifa-plana-dautonoms-el-2023\/#primaryimage"},"thumbnailUrl":"https:\/\/www.aemtia.com\/wp-content\/uploads\/2022\/11\/taules2-01-1-1024x549.png","keywords":["aut\u00f3nomos","emprender","noticias","subvenciones"],"articleSection":["Fiscal"],"inLanguage":"es"},{"@type":"WebPage","@id":"https:\/\/www.aemtia.com\/la-nova-tarifa-plana-dautonoms-el-2023\/","url":"https:\/\/www.aemtia.com\/la-nova-tarifa-plana-dautonoms-el-2023\/","name":"La nueva Tarifa Plana de aut\u00f3nomos en 2023 - Aemtia Assessors","isPartOf":{"@id":"https:\/\/www.aemtia.com\/#website"},"primaryImageOfPage":{"@id":"https:\/\/www.aemtia.com\/la-nova-tarifa-plana-dautonoms-el-2023\/#primaryimage"},"image":{"@id":"https:\/\/www.aemtia.com\/la-nova-tarifa-plana-dautonoms-el-2023\/#primaryimage"},"thumbnailUrl":"https:\/\/www.aemtia.com\/wp-content\/uploads\/2022\/11\/taules2-01-1-1024x549.png","datePublished":"2022-12-01T09:00:00+00:00","dateModified":"2022-12-02T13:32:39+00:00","description":"Tarifa Plana de aut\u00f3nomos. Requisitos, cantidades y cambios a partir de 2023 para saber si te conviene darte de alta ahora o esperar.","breadcrumb":{"@id":"https:\/\/www.aemtia.com\/la-nova-tarifa-plana-dautonoms-el-2023\/#breadcrumb"},"inLanguage":"es","potentialAction":[{"@type":"ReadAction","target":["https:\/\/www.aemtia.com\/la-nova-tarifa-plana-dautonoms-el-2023\/"]}]},{"@type":"ImageObject","inLanguage":"es","@id":"https:\/\/www.aemtia.com\/la-nova-tarifa-plana-dautonoms-el-2023\/#primaryimage","url":"https:\/\/www.aemtia.com\/wp-content\/uploads\/2022\/11\/taules2-01-1-1024x549.png","contentUrl":"https:\/\/www.aemtia.com\/wp-content\/uploads\/2022\/11\/taules2-01-1-1024x549.png"},{"@type":"BreadcrumbList","@id":"https:\/\/www.aemtia.com\/la-nova-tarifa-plana-dautonoms-el-2023\/#breadcrumb","itemListElement":[{"@type":"ListItem","position":1,"name":"Inici","item":"https:\/\/www.aemtia.com\/es\/"},{"@type":"ListItem","position":2,"name":"La nueva Tarifa Plana de aut\u00f3nomos en 2023"}]},{"@type":"WebSite","@id":"https:\/\/www.aemtia.com\/#website","url":"https:\/\/www.aemtia.com\/","name":"Aemtia Assessors","description":"Asesores en el \u00e1mbito empresarial, profesional y personal","publisher":{"@id":"https:\/\/www.aemtia.com\/#organization"},"potentialAction":[{"@type":"SearchAction","target":{"@type":"EntryPoint","urlTemplate":"https:\/\/www.aemtia.com\/?s={search_term_string}"},"query-input":{"@type":"PropertyValueSpecification","valueRequired":true,"valueName":"search_term_string"}}],"inLanguage":"es"},{"@type":"Organization","@id":"https:\/\/www.aemtia.com\/#organization","name":"Aemtia Assessors S.L.","url":"https:\/\/www.aemtia.com\/","logo":{"@type":"ImageObject","inLanguage":"es","@id":"https:\/\/www.aemtia.com\/#\/schema\/logo\/image\/","url":"https:\/\/www.aemtia.com\/wp-content\/uploads\/2022\/04\/Paquet-logotips-AEMTIA_logo-web.png","contentUrl":"https:\/\/www.aemtia.com\/wp-content\/uploads\/2022\/04\/Paquet-logotips-AEMTIA_logo-web.png","width":2000,"height":1000,"caption":"Aemtia Assessors S.L."},"image":{"@id":"https:\/\/www.aemtia.com\/#\/schema\/logo\/image\/"}},{"@type":"Person","@id":"https:\/\/www.aemtia.com\/#\/schema\/person\/b7b2d27c0cdefabdf7a1b8b3142ba6f8","name":"Abril","image":{"@type":"ImageObject","inLanguage":"es","@id":"https:\/\/www.aemtia.com\/#\/schema\/person\/image\/","url":"https:\/\/secure.gravatar.com\/avatar\/d10e36aeea545f9d999e24c46601acc3b9edd5f20734683ffa8e1a82957a8a97?s=96&d=mm&r=g","contentUrl":"https:\/\/secure.gravatar.com\/avatar\/d10e36aeea545f9d999e24c46601acc3b9edd5f20734683ffa8e1a82957a8a97?s=96&d=mm&r=g","caption":"Abril"}}]}},"acf":[],"_links":{"self":[{"href":"https:\/\/www.aemtia.com\/es\/wp-json\/wp\/v2\/posts\/7488","targetHints":{"allow":["GET"]}}],"collection":[{"href":"https:\/\/www.aemtia.com\/es\/wp-json\/wp\/v2\/posts"}],"about":[{"href":"https:\/\/www.aemtia.com\/es\/wp-json\/wp\/v2\/types\/post"}],"author":[{"embeddable":true,"href":"https:\/\/www.aemtia.com\/es\/wp-json\/wp\/v2\/users\/4"}],"replies":[{"embeddable":true,"href":"https:\/\/www.aemtia.com\/es\/wp-json\/wp\/v2\/comments?post=7488"}],"version-history":[{"count":3,"href":"https:\/\/www.aemtia.com\/es\/wp-json\/wp\/v2\/posts\/7488\/revisions"}],"predecessor-version":[{"id":7512,"href":"https:\/\/www.aemtia.com\/es\/wp-json\/wp\/v2\/posts\/7488\/revisions\/7512"}],"wp:attachment":[{"href":"https:\/\/www.aemtia.com\/es\/wp-json\/wp\/v2\/media?parent=7488"}],"wp:term":[{"taxonomy":"category","embeddable":true,"href":"https:\/\/www.aemtia.com\/es\/wp-json\/wp\/v2\/categories?post=7488"},{"taxonomy":"post_tag","embeddable":true,"href":"https:\/\/www.aemtia.com\/es\/wp-json\/wp\/v2\/tags?post=7488"}],"curies":[{"name":"wp","href":"https:\/\/api.w.org\/{rel}","templated":true}]}}